{"id":530,"date":"2014-12-16T20:43:58","date_gmt":"2014-12-16T20:43:58","guid":{"rendered":"http:\/\/www.gabrielaroldan.com.ar\/wp\/?p=530"},"modified":"2014-12-17T14:39:39","modified_gmt":"2014-12-17T14:39:39","slug":"gabriela-roldan-cautivo-al-publico-misionero","status":"publish","type":"post","link":"http:\/\/www.gabrielaroldan.com.ar\/wp\/?p=530","title":{"rendered":"Gabriela Rold\u00e1n cautiv\u00f3 al p\u00fablico misionero."},"content":{"rendered":"<p><a href=\"http:\/\/www.gabrielaroldan.com.ar\/wp\/wp-content\/uploads\/2014\/12\/gabi-misiones.jpg\"><img src=\"http:\/\/www.gabrielaroldan.com.ar\/wp\/wp-content\/uploads\/2014\/12\/gabi-misiones.jpg\" alt=\"\" title=\"gabi misiones\" width=\"600\"  class=\"aligncenter size-full wp-image-531\" srcset=\"http:\/\/www.gabrielaroldan.com.ar\/wp\/wp-content\/uploads\/2014\/12\/gabi-misiones.jpg 960w, http:\/\/www.gabrielaroldan.com.ar\/wp\/wp-content\/uploads\/2014\/12\/gabi-misiones-300x225.jpg 300w\" sizes=\"(max-width: 960px) 100vw, 960px\" \/><\/a><br \/>\n<br \/>Gabriela Rold\u00e1n se present\u00f3 en el 45\u00ba Festival Nacional de la M\u00fasica del Litoral y 7\u00ba del Mercosur, que se realiza en la ciudad de Posadas, Misiones. La santafesina conquisto al publico misionero con su cl\u00e1sico repertorio litorale\u00f1o, y fue ovacionada en varios fragmentos de su actuaci\u00f3n, se despidi\u00f3 con el pedido de un bis por parte de todos los presentes. El festival comenz\u00f3 el jueves 20 de noviembre y se extendi\u00f3 hasta el domingo 23 en el Anfiteatro Manuel Antonio Ramirez de la capital misionera.  La presentaci\u00f3n de la distinguida solista santafesina fue el d\u00eda s\u00e1bado 22 de noviembre, noche comparti\u00f3 con Luis Landriscina, Tonolec y Se va la Segunda (ex Chalchareros). A estos artistas se sumaron en las otras veladas Los Nocheros, Mario Bofill, Luis Salinas, Ram\u00f3n Ayala, El Chango Spasiuk.<br \/>\n<\/p>\n<div class=\"video\">\n\t\t<iframe loading=\"lazy\" width=\"578\" height=\"325\" src=\"\/\/www.youtube.com\/embed\/lSBYASqKxcU\" frameborder=\"0\" allowfullscreen><\/iframe>\n<\/div>\n","protected":false},"excerpt":{"rendered":"<p>Gabriela Rold\u00e1n se present\u00f3 en el 45\u00ba Festival Nacional de la M\u00fasica del Litoral y 7\u00ba del Mercosur, que se realiza en la ciudad de Posadas, Misiones. La santafesina conquisto al publico misionero con su cl\u00e1sico repertorio litorale\u00f1o, y fue &hellip; <\/p>\n<div style=\"padding-top: 5px;\"><a class=\"link_leermas2\" href=\"http:\/\/www.gabrielaroldan.com.ar\/wp\/?p=530\">Continue reading <span class=\"meta-nav\">&rarr;<\/span><\/a><\/div>\n","protected":false},"author":1,"featured_media":0,"comment_status":"open","ping_status":"open","sticky":false,"template":"","format":"standard","meta":[],"categories":[3],"tags":[],"_links":{"self":[{"href":"http:\/\/www.gabrielaroldan.com.ar\/wp\/index.php?rest_route=\/wp\/v2\/posts\/530"}],"collection":[{"href":"http:\/\/www.gabrielaroldan.com.ar\/wp\/index.php?rest_route=\/wp\/v2\/posts"}],"about":[{"href":"http:\/\/www.gabrielaroldan.com.ar\/wp\/index.php?rest_route=\/wp\/v2\/types\/post"}],"author":[{"embeddable":true,"href":"http:\/\/www.gabrielaroldan.com.ar\/wp\/index.php?rest_route=\/wp\/v2\/users\/1"}],"replies":[{"embeddable":true,"href":"http:\/\/www.gabrielaroldan.com.ar\/wp\/index.php?rest_route=%2Fwp%2Fv2%2Fcomments&post=530"}],"version-history":[{"count":9,"href":"http:\/\/www.gabrielaroldan.com.ar\/wp\/index.php?rest_route=\/wp\/v2\/posts\/530\/revisions"}],"predecessor-version":[{"id":542,"href":"http:\/\/www.gabrielaroldan.com.ar\/wp\/index.php?rest_route=\/wp\/v2\/posts\/530\/revisions\/542"}],"wp:attachment":[{"href":"http:\/\/www.gabrielaroldan.com.ar\/wp\/index.php?rest_route=%2Fwp%2Fv2%2Fmedia&parent=530"}],"wp:term":[{"taxonomy":"category","embeddable":true,"href":"http:\/\/www.gabrielaroldan.com.ar\/wp\/index.php?rest_route=%2Fwp%2Fv2%2Fcategories&post=530"},{"taxonomy":"post_tag","embeddable":true,"href":"http:\/\/www.gabrielaroldan.com.ar\/wp\/index.php?rest_route=%2Fwp%2Fv2%2Ftags&post=530"}],"curies":[{"name":"wp","href":"https:\/\/api.w.org\/{rel}","templated":true}]}}